{"id":187396,"date":"2022-04-26T08:09:41","date_gmt":"2022-04-26T06:09:41","guid":{"rendered":"https:\/\/www.spri.eus\/?p=187396"},"modified":"2022-07-27T10:24:30","modified_gmt":"2022-07-27T08:24:30","slug":"spri-pone-en-marcha-indeus-elkarrizketak-un-ciclo-de-charlas-con-las-empresas-de-la-plataforma-vasca-de-la-industria","status":"publish","type":"post","link":"https:\/\/www.spri.eus\/es\/blog\/euskara-en-la-industria\/spri-pone-en-marcha-indeus-elkarrizketak-un-ciclo-de-charlas-con-las-empresas-de-la-plataforma-vasca-de-la-industria\/","title":{"rendered":"Spri pone en marcha INDEUS Elkarrizketak, un ciclo de charlas con las empresas de la Plataforma Vasca de la Industria"},"content":{"rendered":"<p><strong>INDEUS Elkarrizketak<\/strong> es una nueva iniciativa de INDEUS; se trata de una serie de entrevistas realizadas a representantes de empresas, centros tecnol\u00f3gicos y asociaciones que forman parte de la Plataforma Vasca de la Industria. Spri publicar\u00e1 semanalmente una entrevista en formato v\u00eddeo en el espacio IndeusBerri, desde finales de abril hasta el mes de julio.<\/p>\n<p>En esta primera fase han participado trece miembros de INDEUS: Leire Colomo (<strong>AMPO<\/strong>), Maider Aizpuru (<strong>BIELE GROUP<\/strong>), Rikardo Bueno (<strong>BRTA<\/strong>), Javier Principe y Ramon Mendiguren (<strong>CIKAUTXO<\/strong>), Aner Garmendia (<strong>EGA MASTER<\/strong>), I\u00f1igo Arrieta (<strong>EIKA<\/strong>), Imanol Iparragirre (<strong>ELAY<\/strong>), Miriam Frances (<strong>Cluster de Energ\u00eda<\/strong>), Eneko Astigarraga (<strong>ESLE<\/strong>), Oihana Arrieta (<strong>Cluster GAIA)<\/strong>, Ion Etxeberria (<strong>IKERLAN<\/strong>), Koldo Kortabitarte (<strong>MAIER<\/strong>) y Nora Gurrutxaga (<strong>VICOMTECH<\/strong>).<\/p>\n<p>El contenido de las entrevistas gira en torno a la historia y la actividad de cada empresa, as\u00ed como a la presencia del euskera, la gesti\u00f3n ling\u00fc\u00edstica y una reflexi\u00f3n sobre c\u00f3mo aumentar el uso del euskera en el \u00e1mbito industrial.<\/p>\n<p>Finalizada la primera fase, el resto de participantes del INDEUS tendr\u00e1n la oportunidad de participar en la segunda ronda de entrevistas.<\/p>\n<h5><strong>INDEUS, la Plataforma Vasca de la Industria<\/strong> es una iniciativa que impulsan Spri, el Ente Vasco de la Energ\u00eda, la Viceconsejer\u00eda de Pol\u00edtica Ling\u00fc\u00edstica y las Diputaciones Forales de \u00c1lava, Bizkaia y Gipuzkoa, con el objetivo de servir de soporte a la competitividad de las empresas vascas mediante el incremento de la presencia del euskera en el \u00e1mbito industrial de la Comunidad Aut\u00f3noma Vasca. En la actualidad, INDEUS cuenta con 29 empresas, centros tecnol\u00f3gicos y asociaciones.<\/h5>\n","protected":false},"excerpt":{"rendered":"<p>En esta serie de charlas, que comenzar\u00e1 a publicarse esta semana, han participado Ampo, Biele Group, Brta, Cikautxo, Ega Master, Eika, Elay, Cluster de Energ\u00eda, Esle, Cluster Gaia, Ikerlan, Maier y Vicomtech.<\/p>\n","protected":false},"author":12174,"featured_media":187389,"comment_status":"closed","ping_status":"closed","sticky":false,"template":"","format":"standard","meta":{"_acf_changed":false,"footnotes":""},"categories":[20242],"tag_faq":[20002],"class_list":["post-187396","post","type-post","status-publish","format-standard","has-post-thumbnail","hentry","category-euskara-en-la-industria"],"acf":{"descripcion_breve":"En esta serie de charlas, que comenzar\u00e1 a publicarse esta semana, han participado Ampo, Biele Group, Brta, Cikautxo, Ega Master, Eika, Elay, Cluster de Energ\u00eda, Esle, Cluster Gaia, Ikerlan, Maier y Vicomtech.","_thumbnail_id":187389,"alerta":false,"layout":"indeus_berri","tipo_de_articulo":"noticia","tematica":[20242],"tags":[20002],"nodo_bdih":[0],"sector":[],"country":[],"id_exito":"","info_casehistory":{"nombre_entrevistado":"","cargo_ch":""},"logo_cu_bdih":null,"nombre_empresa_cu_bdih":"","subtitulado_cu_bdih":"","persona_responsable_cu_bdih":"","area_empresa_cu_bdih":"","fecha_cu_bdih":null,"noticia_cu_bdih":null,"url_video_cu_bdih":"","necesidad_cu_bdih":"","tamano_empresa_cu_bdih":false,"sector_cu_bdih":"","ciudad_cu_bdih":"","provincia_cu_bdih":false,"beneficios_cu_bdih":null,"tecnologias_cu_bdih":null,"estilo_indeusberri":false,"indeusberri_news12":null,"opciones_up_euskadi":[],"estilo":false,"wakeup_news12":null,"fase_del_reto":false,"enlace_del_reto":null,"selecciona_formulario":1,"enviar_notificacion":"","publicacion_del_informe_final":"","f_apertura":null,"f_cierre":null,"f_webinar":null,"titulo_documentos":"","enlace_documentos":null,"documentos_interes":null,"logo_cu_deept":null,"promueve_deept":"","web_deept":"","vertical_deept":"","oferta_empleo_deept":null,"tec1_deept":"","tec2_deept":"","tec3_deept":"","tec4_deept":"","descripcion_breve_deept":"","descripcion_mercado_deept":"","etiquetas_deept":"","modelo1_deept":"","modelo2_deept":"","modelo3_deept":"","modelo4_deept":"","necesidad1_deept":"","necesidad2_deept":"","necesidad3_deept":"","necesidad4_deept":"","logotipo_cu_deept":null,"txtpromueve_deept":"","contactos_deept":null,"documentos_interes_deept":null,"texto_formulario_deept":"","alertas_r":null},"yoast_head":"<!-- This site is optimized with the Yoast SEO Premium plugin v27.8 (Yoast SEO v28.1) - https:\/\/yoast.com\/product\/yoast-seo-premium-wordpress\/ -->\n<title>Spri pone en marcha INDEUS Elkarrizketak, un ciclo de charlas con las empresas de la Plataforma Vasca de la Industria - SPRI<\/title>\n<meta name=\"robots\" content=\"index, follow, max-snippet:-1, max-image-preview:large, max-video-preview:-1\" \/>\n<link rel=\"canonical\" href=\"https:\/\/www.spri.eus\/es\/blog\/euskara-en-la-industria\/spri-pone-en-marcha-indeus-elkarrizketak-un-ciclo-de-charlas-con-las-empresas-de-la-plataforma-vasca-de-la-industria\/\" \/>\n<meta property=\"og:locale\" content=\"es_ES\" \/>\n<meta property=\"og:type\" content=\"article\" \/>\n<meta property=\"og:title\" content=\"Spri pone en marcha INDEUS Elkarrizketak, un ciclo de charlas con las empresas de la Plataforma Vasca de la Industria\" \/>\n<meta property=\"og:url\" content=\"https:\/\/www.spri.eus\/es\/blog\/euskara-en-la-industria\/spri-pone-en-marcha-indeus-elkarrizketak-un-ciclo-de-charlas-con-las-empresas-de-la-plataforma-vasca-de-la-industria\/\" \/>\n<meta property=\"og:site_name\" content=\"SPRI\" \/>\n<meta property=\"article:publisher\" content=\"https:\/\/www.facebook.com\/grupospri\/\" \/>\n<meta property=\"article:published_time\" content=\"2022-04-26T06:09:41+00:00\" \/>\n<meta property=\"article:modified_time\" content=\"2022-07-27T08:24:30+00:00\" \/>\n<meta property=\"og:image\" content=\"https:\/\/www.spri.eus\/archivos\/2022\/04\/jpg\/indeus_elkarrizketak.jpg\" \/>\n\t<meta property=\"og:image:width\" content=\"1280\" \/>\n\t<meta property=\"og:image:height\" content=\"720\" \/>\n\t<meta property=\"og:image:type\" content=\"image\/jpeg\" \/>\n<meta name=\"author\" content=\"Jasone Aretxabaleta\" \/>\n<meta name=\"twitter:card\" content=\"summary_large_image\" \/>\n<meta name=\"twitter:creator\" content=\"@grupospri\" \/>\n<meta name=\"twitter:site\" content=\"@grupospri\" \/>\n<script type=\"application\/ld+json\" class=\"yoast-schema-graph\">{\"@context\":\"https:\\\/\\\/schema.org\",\"@graph\":[{\"@type\":\"Article\",\"@id\":\"https:\\\/\\\/www.spri.eus\\\/es\\\/blog\\\/euskara-en-la-industria\\\/spri-pone-en-marcha-indeus-elkarrizketak-un-ciclo-de-charlas-con-las-empresas-de-la-plataforma-vasca-de-la-industria\\\/#article\",\"isPartOf\":{\"@id\":\"https:\\\/\\\/www.spri.eus\\\/es\\\/blog\\\/euskara-en-la-industria\\\/spri-pone-en-marcha-indeus-elkarrizketak-un-ciclo-de-charlas-con-las-empresas-de-la-plataforma-vasca-de-la-industria\\\/\"},\"author\":{\"@type\":\"Organization\",\"name\":\"SPRI\",\"url\":\"https:\\\/\\\/www.spri.eus\"},\"headline\":\"Spri pone en marcha INDEUS Elkarrizketak, un ciclo de charlas con las empresas de la Plataforma Vasca de la Industria\",\"datePublished\":\"2022-04-26T06:09:41+00:00\",\"dateModified\":\"2022-07-27T08:24:30+00:00\",\"mainEntityOfPage\":{\"@id\":\"https:\\\/\\\/www.spri.eus\\\/es\\\/blog\\\/euskara-en-la-industria\\\/spri-pone-en-marcha-indeus-elkarrizketak-un-ciclo-de-charlas-con-las-empresas-de-la-plataforma-vasca-de-la-industria\\\/\"},\"wordCount\":285,\"publisher\":{\"@id\":\"https:\\\/\\\/www.spri.eus\\\/es\\\/#organization\"},\"image\":{\"@id\":\"https:\\\/\\\/www.spri.eus\\\/es\\\/blog\\\/euskara-en-la-industria\\\/spri-pone-en-marcha-indeus-elkarrizketak-un-ciclo-de-charlas-con-las-empresas-de-la-plataforma-vasca-de-la-industria\\\/#primaryimage\"},\"thumbnailUrl\":\"https:\\\/\\\/www.spri.eus\\\/archivos\\\/2022\\\/04\\\/jpg\\\/indeus_elkarrizketak.jpg\",\"articleSection\":[\"Euskara en la industria\"],\"inLanguage\":\"es\"},{\"@type\":[\"WebPage\",\"ItemPage\"],\"@id\":\"https:\\\/\\\/www.spri.eus\\\/es\\\/blog\\\/euskara-en-la-industria\\\/spri-pone-en-marcha-indeus-elkarrizketak-un-ciclo-de-charlas-con-las-empresas-de-la-plataforma-vasca-de-la-industria\\\/\",\"url\":\"https:\\\/\\\/www.spri.eus\\\/es\\\/blog\\\/euskara-en-la-industria\\\/spri-pone-en-marcha-indeus-elkarrizketak-un-ciclo-de-charlas-con-las-empresas-de-la-plataforma-vasca-de-la-industria\\\/\",\"name\":\"Spri pone en marcha INDEUS Elkarrizketak, un ciclo de charlas con las empresas de la Plataforma Vasca de la Industria - SPRI\",\"isPartOf\":{\"@id\":\"https:\\\/\\\/www.spri.eus\\\/es\\\/#website\"},\"primaryImageOfPage\":{\"@id\":\"https:\\\/\\\/www.spri.eus\\\/es\\\/blog\\\/euskara-en-la-industria\\\/spri-pone-en-marcha-indeus-elkarrizketak-un-ciclo-de-charlas-con-las-empresas-de-la-plataforma-vasca-de-la-industria\\\/#primaryimage\"},\"image\":{\"@id\":\"https:\\\/\\\/www.spri.eus\\\/es\\\/blog\\\/euskara-en-la-industria\\\/spri-pone-en-marcha-indeus-elkarrizketak-un-ciclo-de-charlas-con-las-empresas-de-la-plataforma-vasca-de-la-industria\\\/#primaryimage\"},\"thumbnailUrl\":\"https:\\\/\\\/www.spri.eus\\\/archivos\\\/2022\\\/04\\\/jpg\\\/indeus_elkarrizketak.jpg\",\"datePublished\":\"2022-04-26T06:09:41+00:00\",\"dateModified\":\"2022-07-27T08:24:30+00:00\",\"breadcrumb\":{\"@id\":\"https:\\\/\\\/www.spri.eus\\\/es\\\/blog\\\/euskara-en-la-industria\\\/spri-pone-en-marcha-indeus-elkarrizketak-un-ciclo-de-charlas-con-las-empresas-de-la-plataforma-vasca-de-la-industria\\\/#breadcrumb\"},\"inLanguage\":\"es\",\"potentialAction\":[{\"@type\":\"ReadAction\",\"target\":[\"https:\\\/\\\/www.spri.eus\\\/es\\\/blog\\\/euskara-en-la-industria\\\/spri-pone-en-marcha-indeus-elkarrizketak-un-ciclo-de-charlas-con-las-empresas-de-la-plataforma-vasca-de-la-industria\\\/\"]}]},{\"@type\":\"ImageObject\",\"inLanguage\":\"es\",\"@id\":\"https:\\\/\\\/www.spri.eus\\\/es\\\/blog\\\/euskara-en-la-industria\\\/spri-pone-en-marcha-indeus-elkarrizketak-un-ciclo-de-charlas-con-las-empresas-de-la-plataforma-vasca-de-la-industria\\\/#primaryimage\",\"url\":\"https:\\\/\\\/www.spri.eus\\\/archivos\\\/2022\\\/04\\\/jpg\\\/indeus_elkarrizketak.jpg\",\"contentUrl\":\"https:\\\/\\\/www.spri.eus\\\/archivos\\\/2022\\\/04\\\/jpg\\\/indeus_elkarrizketak.jpg\",\"width\":1280,\"height\":720,\"caption\":\"Indeus Elkarrizketak irudia\"},{\"@type\":\"BreadcrumbList\",\"@id\":\"https:\\\/\\\/www.spri.eus\\\/es\\\/blog\\\/euskara-en-la-industria\\\/spri-pone-en-marcha-indeus-elkarrizketak-un-ciclo-de-charlas-con-las-empresas-de-la-plataforma-vasca-de-la-industria\\\/#breadcrumb\",\"itemListElement\":[{\"@type\":\"ListItem\",\"position\":1,\"name\":\"Euskara en la industria\",\"item\":\"https:\\\/\\\/www.spri.eus\\\/es\\\/blog\\\/euskara-en-la-industria\\\/\"},{\"@type\":\"ListItem\",\"position\":2,\"name\":\"Spri pone en marcha INDEUS Elkarrizketak, un ciclo de charlas con las empresas de la Plataforma Vasca de la Industria\"}]},{\"@type\":\"WebSite\",\"@id\":\"https:\\\/\\\/www.spri.eus\\\/es\\\/#website\",\"url\":\"https:\\\/\\\/www.spri.eus\\\/es\\\/\",\"name\":\"Spri\",\"description\":\"Agencia Vasca de Desarrollo Empresarial del Gobierno Vasco, ofrece ayudas y servicios para implusar el crecimiento econ\u00f3mico de las empresas vascas\",\"publisher\":{\"@id\":\"https:\\\/\\\/www.spri.eus\\\/es\\\/#organization\"},\"alternateName\":\"Grupo SPRI\",\"potentialAction\":[{\"@type\":\"SearchAction\",\"target\":{\"@type\":\"EntryPoint\",\"urlTemplate\":\"https:\\\/\\\/www.spri.eus\\\/es\\\/?s={search_term_string}\"},\"query-input\":{\"@type\":\"PropertyValueSpecification\",\"valueRequired\":true,\"valueName\":\"search_term_string\"}}],\"inLanguage\":\"es\"},{\"@type\":\"Organization\",\"@id\":\"https:\\\/\\\/www.spri.eus\\\/es\\\/#organization\",\"name\":\"Grupo SPRI\",\"alternateName\":\"Grupo SPRI\",\"url\":\"https:\\\/\\\/www.spri.eus\\\/es\\\/\",\"logo\":{\"@type\":\"ImageObject\",\"inLanguage\":\"es\",\"@id\":\"https:\\\/\\\/www.spri.eus\\\/es\\\/#\\\/schema\\\/logo\\\/image\\\/\",\"url\":\"https:\\\/\\\/www.spri.eus\\\/archivos\\\/2025\\\/02\\\/PNG\\\/logo-spri.png\",\"contentUrl\":\"https:\\\/\\\/www.spri.eus\\\/archivos\\\/2025\\\/02\\\/PNG\\\/logo-spri.png\",\"width\":764,\"height\":529,\"caption\":\"Grupo SPRI\"},\"image\":{\"@id\":\"https:\\\/\\\/www.spri.eus\\\/es\\\/#\\\/schema\\\/logo\\\/image\\\/\"},\"sameAs\":[\"https:\\\/\\\/www.facebook.com\\\/grupospri\\\/\",\"https:\\\/\\\/x.com\\\/grupospri\",\"http:\\\/\\\/www.linkedin.com\\\/company\\\/grupospri\",\"https:\\\/\\\/www.youtube.com\\\/user\\\/grupoSPRI\"],\"email\":\"info@spri.eus\",\"legalName\":\"SPRI S.A.\",\"foundingDate\":\"2013-01-01\",\"numberOfEmployees\":{\"@type\":\"QuantitativeValue\",\"minValue\":\"51\",\"maxValue\":\"200\"}},{\"@type\":\"Person\",\"@id\":\"https:\\\/\\\/www.spri.eus\\\/es\\\/#\\\/schema\\\/person\\\/ab63c85dbfbd17625bb2b969c64f3c8f\",\"name\":\"Jasone Aretxabaleta\"}]}<\/script>\n<!-- \/ Yoast SEO Premium plugin. -->","yoast_head_json":{"title":"Spri pone en marcha INDEUS Elkarrizketak, un ciclo de charlas con las empresas de la Plataforma Vasca de la Industria - SPRI","robots":{"index":"index","follow":"follow","max-snippet":"max-snippet:-1","max-image-preview":"max-image-preview:large","max-video-preview":"max-video-preview:-1"},"canonical":"https:\/\/www.spri.eus\/es\/blog\/euskara-en-la-industria\/spri-pone-en-marcha-indeus-elkarrizketak-un-ciclo-de-charlas-con-las-empresas-de-la-plataforma-vasca-de-la-industria\/","og_locale":"es_ES","og_type":"article","og_title":"Spri pone en marcha INDEUS Elkarrizketak, un ciclo de charlas con las empresas de la Plataforma Vasca de la Industria","og_url":"https:\/\/www.spri.eus\/es\/blog\/euskara-en-la-industria\/spri-pone-en-marcha-indeus-elkarrizketak-un-ciclo-de-charlas-con-las-empresas-de-la-plataforma-vasca-de-la-industria\/","og_site_name":"SPRI","article_publisher":"https:\/\/www.facebook.com\/grupospri\/","article_published_time":"2022-04-26T06:09:41+00:00","article_modified_time":"2022-07-27T08:24:30+00:00","og_image":[{"width":1280,"height":720,"url":"https:\/\/www.spri.eus\/archivos\/2022\/04\/jpg\/indeus_elkarrizketak.jpg","type":"image\/jpeg"}],"author":"Jasone Aretxabaleta","twitter_card":"summary_large_image","twitter_creator":"@grupospri","twitter_site":"@grupospri","schema":{"@context":"https:\/\/schema.org","@graph":[{"@type":"Article","@id":"https:\/\/www.spri.eus\/es\/blog\/euskara-en-la-industria\/spri-pone-en-marcha-indeus-elkarrizketak-un-ciclo-de-charlas-con-las-empresas-de-la-plataforma-vasca-de-la-industria\/#article","isPartOf":{"@id":"https:\/\/www.spri.eus\/es\/blog\/euskara-en-la-industria\/spri-pone-en-marcha-indeus-elkarrizketak-un-ciclo-de-charlas-con-las-empresas-de-la-plataforma-vasca-de-la-industria\/"},"author":{"@type":"Organization","name":"SPRI","url":"https:\/\/www.spri.eus"},"headline":"Spri pone en marcha INDEUS Elkarrizketak, un ciclo de charlas con las empresas de la Plataforma Vasca de la Industria","datePublished":"2022-04-26T06:09:41+00:00","dateModified":"2022-07-27T08:24:30+00:00","mainEntityOfPage":{"@id":"https:\/\/www.spri.eus\/es\/blog\/euskara-en-la-industria\/spri-pone-en-marcha-indeus-elkarrizketak-un-ciclo-de-charlas-con-las-empresas-de-la-plataforma-vasca-de-la-industria\/"},"wordCount":285,"publisher":{"@id":"https:\/\/www.spri.eus\/es\/#organization"},"image":{"@id":"https:\/\/www.spri.eus\/es\/blog\/euskara-en-la-industria\/spri-pone-en-marcha-indeus-elkarrizketak-un-ciclo-de-charlas-con-las-empresas-de-la-plataforma-vasca-de-la-industria\/#primaryimage"},"thumbnailUrl":"https:\/\/www.spri.eus\/archivos\/2022\/04\/jpg\/indeus_elkarrizketak.jpg","articleSection":["Euskara en la industria"],"inLanguage":"es"},{"@type":["WebPage","ItemPage"],"@id":"https:\/\/www.spri.eus\/es\/blog\/euskara-en-la-industria\/spri-pone-en-marcha-indeus-elkarrizketak-un-ciclo-de-charlas-con-las-empresas-de-la-plataforma-vasca-de-la-industria\/","url":"https:\/\/www.spri.eus\/es\/blog\/euskara-en-la-industria\/spri-pone-en-marcha-indeus-elkarrizketak-un-ciclo-de-charlas-con-las-empresas-de-la-plataforma-vasca-de-la-industria\/","name":"Spri pone en marcha INDEUS Elkarrizketak, un ciclo de charlas con las empresas de la Plataforma Vasca de la Industria - SPRI","isPartOf":{"@id":"https:\/\/www.spri.eus\/es\/#website"},"primaryImageOfPage":{"@id":"https:\/\/www.spri.eus\/es\/blog\/euskara-en-la-industria\/spri-pone-en-marcha-indeus-elkarrizketak-un-ciclo-de-charlas-con-las-empresas-de-la-plataforma-vasca-de-la-industria\/#primaryimage"},"image":{"@id":"https:\/\/www.spri.eus\/es\/blog\/euskara-en-la-industria\/spri-pone-en-marcha-indeus-elkarrizketak-un-ciclo-de-charlas-con-las-empresas-de-la-plataforma-vasca-de-la-industria\/#primaryimage"},"thumbnailUrl":"https:\/\/www.spri.eus\/archivos\/2022\/04\/jpg\/indeus_elkarrizketak.jpg","datePublished":"2022-04-26T06:09:41+00:00","dateModified":"2022-07-27T08:24:30+00:00","breadcrumb":{"@id":"https:\/\/www.spri.eus\/es\/blog\/euskara-en-la-industria\/spri-pone-en-marcha-indeus-elkarrizketak-un-ciclo-de-charlas-con-las-empresas-de-la-plataforma-vasca-de-la-industria\/#breadcrumb"},"inLanguage":"es","potentialAction":[{"@type":"ReadAction","target":["https:\/\/www.spri.eus\/es\/blog\/euskara-en-la-industria\/spri-pone-en-marcha-indeus-elkarrizketak-un-ciclo-de-charlas-con-las-empresas-de-la-plataforma-vasca-de-la-industria\/"]}]},{"@type":"ImageObject","inLanguage":"es","@id":"https:\/\/www.spri.eus\/es\/blog\/euskara-en-la-industria\/spri-pone-en-marcha-indeus-elkarrizketak-un-ciclo-de-charlas-con-las-empresas-de-la-plataforma-vasca-de-la-industria\/#primaryimage","url":"https:\/\/www.spri.eus\/archivos\/2022\/04\/jpg\/indeus_elkarrizketak.jpg","contentUrl":"https:\/\/www.spri.eus\/archivos\/2022\/04\/jpg\/indeus_elkarrizketak.jpg","width":1280,"height":720,"caption":"Indeus Elkarrizketak irudia"},{"@type":"BreadcrumbList","@id":"https:\/\/www.spri.eus\/es\/blog\/euskara-en-la-industria\/spri-pone-en-marcha-indeus-elkarrizketak-un-ciclo-de-charlas-con-las-empresas-de-la-plataforma-vasca-de-la-industria\/#breadcrumb","itemListElement":[{"@type":"ListItem","position":1,"name":"Euskara en la industria","item":"https:\/\/www.spri.eus\/es\/blog\/euskara-en-la-industria\/"},{"@type":"ListItem","position":2,"name":"Spri pone en marcha INDEUS Elkarrizketak, un ciclo de charlas con las empresas de la Plataforma Vasca de la Industria"}]},{"@type":"WebSite","@id":"https:\/\/www.spri.eus\/es\/#website","url":"https:\/\/www.spri.eus\/es\/","name":"Spri","description":"Agencia Vasca de Desarrollo Empresarial del Gobierno Vasco, ofrece ayudas y servicios para implusar el crecimiento econ\u00f3mico de las empresas vascas","publisher":{"@id":"https:\/\/www.spri.eus\/es\/#organization"},"alternateName":"Grupo SPRI","potentialAction":[{"@type":"SearchAction","target":{"@type":"EntryPoint","urlTemplate":"https:\/\/www.spri.eus\/es\/?s={search_term_string}"},"query-input":{"@type":"PropertyValueSpecification","valueRequired":true,"valueName":"search_term_string"}}],"inLanguage":"es"},{"@type":"Organization","@id":"https:\/\/www.spri.eus\/es\/#organization","name":"Grupo SPRI","alternateName":"Grupo SPRI","url":"https:\/\/www.spri.eus\/es\/","logo":{"@type":"ImageObject","inLanguage":"es","@id":"https:\/\/www.spri.eus\/es\/#\/schema\/logo\/image\/","url":"https:\/\/www.spri.eus\/archivos\/2025\/02\/PNG\/logo-spri.png","contentUrl":"https:\/\/www.spri.eus\/archivos\/2025\/02\/PNG\/logo-spri.png","width":764,"height":529,"caption":"Grupo SPRI"},"image":{"@id":"https:\/\/www.spri.eus\/es\/#\/schema\/logo\/image\/"},"sameAs":["https:\/\/www.facebook.com\/grupospri\/","https:\/\/x.com\/grupospri","http:\/\/www.linkedin.com\/company\/grupospri","https:\/\/www.youtube.com\/user\/grupoSPRI"],"email":"info@spri.eus","legalName":"SPRI S.A.","foundingDate":"2013-01-01","numberOfEmployees":{"@type":"QuantitativeValue","minValue":"51","maxValue":"200"}},{"@type":"Person","@id":"https:\/\/www.spri.eus\/es\/#\/schema\/person\/ab63c85dbfbd17625bb2b969c64f3c8f","name":"Jasone Aretxabaleta"}]}},"_links":{"self":[{"href":"https:\/\/www.spri.eus\/es\/wp-json\/wp\/v2\/posts\/187396","targetHints":{"allow":["GET"]}}],"collection":[{"href":"https:\/\/www.spri.eus\/es\/wp-json\/wp\/v2\/posts"}],"about":[{"href":"https:\/\/www.spri.eus\/es\/wp-json\/wp\/v2\/types\/post"}],"author":[{"embeddable":true,"href":"https:\/\/www.spri.eus\/es\/wp-json\/wp\/v2\/users\/12174"}],"replies":[{"embeddable":true,"href":"https:\/\/www.spri.eus\/es\/wp-json\/wp\/v2\/comments?post=187396"}],"version-history":[{"count":0,"href":"https:\/\/www.spri.eus\/es\/wp-json\/wp\/v2\/posts\/187396\/revisions"}],"acf:term":[{"embeddable":true,"taxonomy":"tag_faq","href":"https:\/\/www.spri.eus\/es\/wp-json\/wp\/v2\/tag_faq\/20002"},{"embeddable":true,"taxonomy":"category","href":"https:\/\/www.spri.eus\/es\/wp-json\/wp\/v2\/categories\/20242"}],"wp:featuredmedia":[{"embeddable":true,"href":"https:\/\/www.spri.eus\/es\/wp-json\/wp\/v2\/media\/187389"}],"wp:attachment":[{"href":"https:\/\/www.spri.eus\/es\/wp-json\/wp\/v2\/media?parent=187396"}],"wp:term":[{"taxonomy":"category","embeddable":true,"href":"https:\/\/www.spri.eus\/es\/wp-json\/wp\/v2\/categories?post=187396"},{"taxonomy":"tag_faq","embeddable":true,"href":"https:\/\/www.spri.eus\/es\/wp-json\/wp\/v2\/tag_faq?post=187396"}],"curies":[{"name":"wp","href":"https:\/\/api.w.org\/{rel}","templated":true}]}}